{"id":10793,"date":"2021-03-09T18:57:47","date_gmt":"2021-03-09T17:57:47","guid":{"rendered":"http:\/\/www.peterlipa.com\/?p=10793"},"modified":"2021-03-09T19:00:09","modified_gmt":"2021-03-09T18:00:09","slug":"fara-music-fest-a-odkaz-od-petra-dvorskeho","status":"publish","type":"post","link":"https:\/\/old.peterlipa.com\/en\/2021\/03\/09\/fara-music-fest-a-odkaz-od-petra-dvorskeho\/","title":{"rendered":"FARA MUSIC FEST a odkaz od Petra Dvorsk\u00e9ho"},"content":{"rendered":"<h2 id=\"SubTitle_idm68\" class=\"SubTitle align-c\">22.7. Fara in Sabina, FARA MUSIC FEST \/Taliansko\u00a0a odkaz od Petra Dvorsk\u00e9ho:\u00a0Ciao Peter, ver\u00edm, \u017ee ste \u0161\u0165astne docestovali a\u00a0\u017ee v\u00a0dobrom na\u00a0n\u00e1s spom\u00ednate. My sme boli nad\u0161en\u00ed, ale \u010do je d\u00f4le\u017eit\u00e9, nad\u0161en\u00ed boli usporiadatelia a\u00a0publikum..<\/h2>\n<div class=\"clear\"><\/div>\n<article id=\"Article_idm76-5\">\n<div class=\"Article notab_br decoration-none\">\n<div class=\"article_indents\">\n<p class=\"article_indent align-justify\">Posielam Ti iba mali\u010dk\u00fa spr\u00e1vu o\u00a0tom, \u010do sa udialo napr. vo Fara Sabine, ale po\u0161leme e\u0161te \u010fa\u013e\u0161ie ohlasy a\u00a0foto. V\u00a0tomto \u010dl\u00e1nku p\u00ed\u0161u, \u017ee sa to nest\u00e1va tak \u010dasto aby v\u00a0jeden ve\u010der na\u00a0tom istom javisku vystupovali dve tak v\u00fdznamn\u00e9 osobnosti jazzu. Teba pokladaj\u00fa za jedn\u00e9ho z\u00a0naj\u017eiadanej\u0161\u00edch spev\u00e1kov v\u00a0tejto literat\u00fare. A maj\u00fa pravdu ! Ja to hovor\u00edm tie\u017e a\u00a0nie som s\u00e1m.<br class=\"one-br\" \/>Pe\u0165o, \u017eel\u00e1m Ti, ako aj Tvojim chlapcom ve\u013ea ,ve\u013ea \u00faspechov, dobr\u00fa n\u00e1ladu a\u00a0hlavne pevn\u00e9 zdravie.<br class=\"one-br\" \/>Ost\u00e1vam s\u00a0ve\u013ek\u00fdm pozdravom pre v\u0161etk\u00fdch Peter<\/p>\n<\/div>\n<\/div>\n<\/article>\n<article id=\"Article_idm104-6\">\n<div class=\"Article notab_br decoration-none\">\n<div class=\"article_indents\">\n<p class=\"article_indent align-justify\">\n<\/div>\n<\/div>\n<\/article>\n<article id=\"Article_idm133-7\">\n<div class=\"Article notab_br decoration-none\">\n<div class=\"article_indents\">\n<p class=\"article_indent align-justify\">Viac o\u00a0FARA MUSIC FEST:\u00a0<a class=\"ArticleLink\" href=\"http:\/\/www.faramusic.it\/waiting-for-peter-lipa-band-alain-caron-quartet-0re-21-00\/\" target=\"_blank\" rel=\"noopener\">www.faramusic.it<\/a><br class=\"one-br\" \/>Foto: Fabrizio Farese, www.faramusic.it<\/p>\n<p>&nbsp;<\/p>\n<div id='gallery-1' class='gallery galleryid-10793 gallery-columns-3 gallery-size-thumbnail'><figure class='gallery-item'>\n\t\t\t<div class='gallery-icon portrait'>\n\t\t\t\t<a href='https:\/\/old.peterlipa.com\/wp-content\/uploads\/2021\/03\/fara_music_fest_a_odkaz_od_petra_dvorskeho_b_0c3d275ba51b0dfa.jpg'><img loading=\"lazy\" decoding=\"async\" width=\"150\" height=\"150\" src=\"https:\/\/old.peterlipa.com\/wp-content\/uploads\/2021\/03\/fara_music_fest_a_odkaz_od_petra_dvorskeho_b_0c3d275ba51b0dfa-150x150.jpg\" class=\"attachment-thumbnail size-thumbnail\" alt=\"\" srcset=\"https:\/\/old.peterlipa.com\/wp-content\/uploads\/2021\/03\/fara_music_fest_a_odkaz_od_petra_dvorskeho_b_0c3d275ba51b0dfa-150x150.jpg 150w, https:\/\/old.peterlipa.com\/wp-content\/uploads\/2021\/03\/fara_music_fest_a_odkaz_od_petra_dvorskeho_b_0c3d275ba51b0dfa-400x400.jpg 400w, https:\/\/old.peterlipa.com\/wp-content\/uploads\/2021\/03\/fara_music_fest_a_odkaz_od_petra_dvorskeho_b_0c3d275ba51b0dfa-650x650.jpg 650w, https:\/\/old.peterlipa.com\/wp-content\/uploads\/2021\/03\/fara_music_fest_a_odkaz_od_petra_dvorskeho_b_0c3d275ba51b0dfa-100x100.jpg 100w, https:\/\/old.peterlipa.com\/wp-content\/uploads\/2021\/03\/fara_music_fest_a_odkaz_od_petra_dvorskeho_b_0c3d275ba51b0dfa-290x290.jpg 290w\" sizes=\"auto, (max-width: 150px) 100vw, 150px\" \/><\/a>\n\t\t\t<\/div><\/figure><figure class='gallery-item'>\n\t\t\t<div class='gallery-icon portrait'>\n\t\t\t\t<a href='https:\/\/old.peterlipa.com\/wp-content\/uploads\/2021\/03\/fara_music_fest_a_odkaz_od_petra_dvorskeho_b_e43e9913a3b3387e.jpg'><img loading=\"lazy\" decoding=\"async\" width=\"150\" height=\"150\" src=\"https:\/\/old.peterlipa.com\/wp-content\/uploads\/2021\/03\/fara_music_fest_a_odkaz_od_petra_dvorskeho_b_e43e9913a3b3387e-150x150.jpg\" class=\"attachment-thumbnail size-thumbnail\" alt=\"\" srcset=\"https:\/\/old.peterlipa.com\/wp-content\/uploads\/2021\/03\/fara_music_fest_a_odkaz_od_petra_dvorskeho_b_e43e9913a3b3387e-150x150.jpg 150w, https:\/\/old.peterlipa.com\/wp-content\/uploads\/2021\/03\/fara_music_fest_a_odkaz_od_petra_dvorskeho_b_e43e9913a3b3387e-400x400.jpg 400w, https:\/\/old.peterlipa.com\/wp-content\/uploads\/2021\/03\/fara_music_fest_a_odkaz_od_petra_dvorskeho_b_e43e9913a3b3387e-650x650.jpg 650w, https:\/\/old.peterlipa.com\/wp-content\/uploads\/2021\/03\/fara_music_fest_a_odkaz_od_petra_dvorskeho_b_e43e9913a3b3387e-100x100.jpg 100w, https:\/\/old.peterlipa.com\/wp-content\/uploads\/2021\/03\/fara_music_fest_a_odkaz_od_petra_dvorskeho_b_e43e9913a3b3387e-290x290.jpg 290w\" sizes=\"auto, (max-width: 150px) 100vw, 150px\" \/><\/a>\n\t\t\t<\/div><\/figure><figure class='gallery-item'>\n\t\t\t<div class='gallery-icon landscape'>\n\t\t\t\t<a href='https:\/\/old.peterlipa.com\/wp-content\/uploads\/2021\/03\/fara_music_fest_a_odkaz_od_petra_dvorskeho_b_da7129e395894f17.jpg'><img loading=\"lazy\" decoding=\"async\" width=\"150\" height=\"150\" src=\"https:\/\/old.peterlipa.com\/wp-content\/uploads\/2021\/03\/fara_music_fest_a_odkaz_od_petra_dvorskeho_b_da7129e395894f17-150x150.jpg\" class=\"attachment-thumbnail size-thumbnail\" alt=\"\" srcset=\"https:\/\/old.peterlipa.com\/wp-content\/uploads\/2021\/03\/fara_music_fest_a_odkaz_od_petra_dvorskeho_b_da7129e395894f17-150x150.jpg 150w, https:\/\/old.peterlipa.com\/wp-content\/uploads\/2021\/03\/fara_music_fest_a_odkaz_od_petra_dvorskeho_b_da7129e395894f17-400x400.jpg 400w, https:\/\/old.peterlipa.com\/wp-content\/uploads\/2021\/03\/fara_music_fest_a_odkaz_od_petra_dvorskeho_b_da7129e395894f17-100x100.jpg 100w, https:\/\/old.peterlipa.com\/wp-content\/uploads\/2021\/03\/fara_music_fest_a_odkaz_od_petra_dvorskeho_b_da7129e395894f17-290x290.jpg 290w\" sizes=\"auto, (max-width: 150px) 100vw, 150px\" \/><\/a>\n\t\t\t<\/div><\/figure><figure class='gallery-item'>\n\t\t\t<div class='gallery-icon landscape'>\n\t\t\t\t<a href='https:\/\/old.peterlipa.com\/wp-content\/uploads\/2021\/03\/fara_music_fest_a_odkaz_od_petra_dvorskeho_b_f6c1244c4e6ad1f5.jpg'><img loading=\"lazy\" decoding=\"async\" width=\"150\" height=\"150\" src=\"https:\/\/old.peterlipa.com\/wp-content\/uploads\/2021\/03\/fara_music_fest_a_odkaz_od_petra_dvorskeho_b_f6c1244c4e6ad1f5-150x150.jpg\" class=\"attachment-thumbnail size-thumbnail\" alt=\"\" srcset=\"https:\/\/old.peterlipa.com\/wp-content\/uploads\/2021\/03\/fara_music_fest_a_odkaz_od_petra_dvorskeho_b_f6c1244c4e6ad1f5-150x150.jpg 150w, https:\/\/old.peterlipa.com\/wp-content\/uploads\/2021\/03\/fara_music_fest_a_odkaz_od_petra_dvorskeho_b_f6c1244c4e6ad1f5-400x400.jpg 400w, https:\/\/old.peterlipa.com\/wp-content\/uploads\/2021\/03\/fara_music_fest_a_odkaz_od_petra_dvorskeho_b_f6c1244c4e6ad1f5-100x100.jpg 100w, https:\/\/old.peterlipa.com\/wp-content\/uploads\/2021\/03\/fara_music_fest_a_odkaz_od_petra_dvorskeho_b_f6c1244c4e6ad1f5-290x290.jpg 290w\" sizes=\"auto, (max-width: 150px) 100vw, 150px\" \/><\/a>\n\t\t\t<\/div><\/figure>\n\t\t<\/div>\n\n<\/div>\n<\/div>\n<\/article>\n<p>&nbsp;<\/p>","protected":false},"excerpt":{"rendered":"<p>22.7. Fara in Sabina, FARA MUSIC FEST \/Taliansko\u00a0a odkaz od Petra Dvorsk\u00e9ho:\u00a0Ciao Peter, ver\u00edm, \u017ee ste \u0161\u0165astne docestovali a\u00a0\u017ee v\u00a0dobrom na\u00a0n\u00e1s spom\u00ednate. My sme boli nad\u0161en\u00ed, ale \u010do je d\u00f4le\u017eit\u00e9, nad\u0161en\u00ed boli usporiadatelia a\u00a0publikum.. Posielam Ti iba mali\u010dk\u00fa spr\u00e1vu o\u00a0tom, \u010do sa udialo napr. vo Fara Sabine, ale po\u0161leme e\u0161te \u010fa\u013e\u0161ie ohlasy a\u00a0foto. V\u00a0tomto \u010dl\u00e1nku&#8230;<\/p>\n<p><a rel=\"bookmark\" class=\"theme-button-text wvc-button wvc-button-size-xs\" href=\"https:\/\/old.peterlipa.com\/en\/2021\/03\/09\/fara-music-fest-a-odkaz-od-petra-dvorskeho\/\"><small class=\"wvc-button-background-fill\"><\/small><span>Continue reading<\/span><\/a><\/p>","protected":false},"author":1,"featured_media":10794,"comment_status":"closed","ping_status":"closed","sticky":false,"template":"","format":"standard","meta":{"footnotes":""},"categories":[115],"tags":[],"class_list":["post-10793","post","type-post","status-publish","format-standard","has-post-thumbnail","hentry","category-novinky","entry-post-skin-light","entry","clearfix","entry-post-module-layout-sidebar-right","thumbnail-color-tone-dark","entry-post","entry-standard","entry-post-standard"],"_links":{"self":[{"href":"https:\/\/old.peterlipa.com\/en\/wp-json\/wp\/v2\/posts\/10793","targetHints":{"allow":["GET"]}}],"collection":[{"href":"https:\/\/old.peterlipa.com\/en\/wp-json\/wp\/v2\/posts"}],"about":[{"href":"https:\/\/old.peterlipa.com\/en\/wp-json\/wp\/v2\/types\/post"}],"author":[{"embeddable":true,"href":"https:\/\/old.peterlipa.com\/en\/wp-json\/wp\/v2\/users\/1"}],"replies":[{"embeddable":true,"href":"https:\/\/old.peterlipa.com\/en\/wp-json\/wp\/v2\/comments?post=10793"}],"version-history":[{"count":4,"href":"https:\/\/old.peterlipa.com\/en\/wp-json\/wp\/v2\/posts\/10793\/revisions"}],"predecessor-version":[{"id":10801,"href":"https:\/\/old.peterlipa.com\/en\/wp-json\/wp\/v2\/posts\/10793\/revisions\/10801"}],"wp:featuredmedia":[{"embeddable":true,"href":"https:\/\/old.peterlipa.com\/en\/wp-json\/wp\/v2\/media\/10794"}],"wp:attachment":[{"href":"https:\/\/old.peterlipa.com\/en\/wp-json\/wp\/v2\/media?parent=10793"}],"wp:term":[{"taxonomy":"category","embeddable":true,"href":"https:\/\/old.peterlipa.com\/en\/wp-json\/wp\/v2\/categories?post=10793"},{"taxonomy":"post_tag","embeddable":true,"href":"https:\/\/old.peterlipa.com\/en\/wp-json\/wp\/v2\/tags?post=10793"}],"curies":[{"name":"wp","href":"https:\/\/api.w.org\/{rel}","templated":true}]}}